{"id":2871,"date":"2021-11-15T10:47:30","date_gmt":"2021-11-15T09:47:30","guid":{"rendered":"http:\/\/orawka-kosciol.pl\/?p=2871"},"modified":"2021-11-21T18:02:05","modified_gmt":"2021-11-21T17:02:05","slug":"uroczystosc-odsloniecia-pamiatkowej-tablicy","status":"publish","type":"post","link":"https:\/\/orawka-kosciol.pl\/de\/2021\/11\/uroczystosc-odsloniecia-pamiatkowej-tablicy\/","title":{"rendered":"(Polski) Uroczysto\u015b\u0107 ods\u0142oni\u0119cia pami\u0105tkowej tablicy"},"content":{"rendered":"<p class=\"qtranxs-available-languages-message qtranxs-available-languages-message-de\">Leider ist der Eintrag nur auf <a href=\"https:\/\/orawka-kosciol.pl\/pl\/wp-json\/wp\/v2\/posts\/2871\" class=\"qtranxs-available-language-link qtranxs-available-language-link-pl\" title=\"Polski\">Polski<\/a> verf\u00fcgbar.<\/p>","protected":false},"excerpt":{"rendered":"<p>Leider ist der Eintrag nur auf Polski verf\u00fcgbar.<\/p>\n","protected":false},"author":1,"featured_media":0,"comment_status":"closed","ping_status":"closed","sticky":false,"template":"","format":"standard","meta":{"footnotes":""},"categories":[1],"tags":[],"class_list":["post-2871","post","type-post","status-publish","format-standard","hentry","category-bez-kategorii"],"_links":{"self":[{"href":"https:\/\/orawka-kosciol.pl\/de\/wp-json\/wp\/v2\/posts\/2871","targetHints":{"allow":["GET"]}}],"collection":[{"href":"https:\/\/orawka-kosciol.pl\/de\/wp-json\/wp\/v2\/posts"}],"about":[{"href":"https:\/\/orawka-kosciol.pl\/de\/wp-json\/wp\/v2\/types\/post"}],"author":[{"embeddable":true,"href":"https:\/\/orawka-kosciol.pl\/de\/wp-json\/wp\/v2\/users\/1"}],"replies":[{"embeddable":true,"href":"https:\/\/orawka-kosciol.pl\/de\/wp-json\/wp\/v2\/comments?post=2871"}],"version-history":[{"count":0,"href":"https:\/\/orawka-kosciol.pl\/de\/wp-json\/wp\/v2\/posts\/2871\/revisions"}],"wp:attachment":[{"href":"https:\/\/orawka-kosciol.pl\/de\/wp-json\/wp\/v2\/media?parent=2871"}],"wp:term":[{"taxonomy":"category","embeddable":true,"href":"https:\/\/orawka-kosciol.pl\/de\/wp-json\/wp\/v2\/categories?post=2871"},{"taxonomy":"post_tag","embeddable":true,"href":"https:\/\/orawka-kosciol.pl\/de\/wp-json\/wp\/v2\/tags?post=2871"}],"curies":[{"name":"wp","href":"https:\/\/api.w.org\/{rel}","templated":true}]}}