{"id":945,"date":"2015-01-25T17:07:26","date_gmt":"2015-01-25T16:07:26","guid":{"rendered":"http:\/\/orawka-kosciol.pl\/?p=945"},"modified":"2019-01-10T07:53:40","modified_gmt":"2019-01-10T06:53:40","slug":"danuta-ucnikova","status":"publish","type":"post","link":"https:\/\/orawka-kosciol.pl\/es\/2015\/01\/danuta-ucnikova\/","title":{"rendered":"(Polski) Danuta U\u010cN\u00cdKOV\u00c1"},"content":{"rendered":"<p class=\"qtranxs-available-languages-message qtranxs-available-languages-message-es\">Disculpa, pero esta entrada est\u00e1 disponible s\u00f3lo en <a href=\"https:\/\/orawka-kosciol.pl\/pl\/wp-json\/wp\/v2\/posts\/945\" class=\"qtranxs-available-language-link qtranxs-available-language-link-pl\" title=\"Polski\">Polski<\/a> y <a href=\"https:\/\/orawka-kosciol.pl\/sk\/wp-json\/wp\/v2\/posts\/945\" class=\"qtranxs-available-language-link qtranxs-available-language-link-sk\" title=\"Sloven\u010dina\">Sloven\u010dina<\/a>.<\/p>","protected":false},"excerpt":{"rendered":"<p>Disculpa, pero esta entrada est\u00e1 disponible s\u00f3lo en Polski.<\/p>\n","protected":false},"author":1,"featured_media":0,"comment_status":"closed","ping_status":"closed","sticky":false,"template":"","format":"standard","meta":{"footnotes":""},"categories":[3,4,68],"tags":[37],"class_list":["post-945","post","type-post","status-publish","format-standard","hentry","category-aktualnosci","category-opisy","category-wokol-kosciola","tag-danuta-ucnikova"],"_links":{"self":[{"href":"https:\/\/orawka-kosciol.pl\/es\/wp-json\/wp\/v2\/posts\/945","targetHints":{"allow":["GET"]}}],"collection":[{"href":"https:\/\/orawka-kosciol.pl\/es\/wp-json\/wp\/v2\/posts"}],"about":[{"href":"https:\/\/orawka-kosciol.pl\/es\/wp-json\/wp\/v2\/types\/post"}],"author":[{"embeddable":true,"href":"https:\/\/orawka-kosciol.pl\/es\/wp-json\/wp\/v2\/users\/1"}],"replies":[{"embeddable":true,"href":"https:\/\/orawka-kosciol.pl\/es\/wp-json\/wp\/v2\/comments?post=945"}],"version-history":[{"count":2,"href":"https:\/\/orawka-kosciol.pl\/es\/wp-json\/wp\/v2\/posts\/945\/revisions"}],"predecessor-version":[{"id":1306,"href":"https:\/\/orawka-kosciol.pl\/es\/wp-json\/wp\/v2\/posts\/945\/revisions\/1306"}],"wp:attachment":[{"href":"https:\/\/orawka-kosciol.pl\/es\/wp-json\/wp\/v2\/media?parent=945"}],"wp:term":[{"taxonomy":"category","embeddable":true,"href":"https:\/\/orawka-kosciol.pl\/es\/wp-json\/wp\/v2\/categories?post=945"},{"taxonomy":"post_tag","embeddable":true,"href":"https:\/\/orawka-kosciol.pl\/es\/wp-json\/wp\/v2\/tags?post=945"}],"curies":[{"name":"wp","href":"https:\/\/api.w.org\/{rel}","templated":true}]}}