{"id":1752,"date":"2018-02-03T17:17:56","date_gmt":"2018-02-03T16:17:56","guid":{"rendered":"http:\/\/orawka-kosciol.pl\/?p=1752"},"modified":"2025-07-28T20:03:59","modified_gmt":"2025-07-28T18:03:59","slug":"orawskie-miechy-wzorem-dla-olkuskich","status":"publish","type":"post","link":"https:\/\/orawka-kosciol.pl\/hu\/2018\/02\/orawskie-miechy-wzorem-dla-olkuskich\/","title":{"rendered":"(Polski) Orawskie miechy wzorem dla olkuskich"},"content":{"rendered":"<p class=\"qtranxs-available-languages-message qtranxs-available-languages-message-hu\">Sajnos ennek a bejegyz\u00e9snek csak <a href=\"https:\/\/orawka-kosciol.pl\/pl\/wp-json\/wp\/v2\/posts\/1752\" class=\"qtranxs-available-language-link qtranxs-available-language-link-pl\" title=\"Polski\">Polski<\/a> nyelv\u0171 v\u00e1ltozata van.<\/p>","protected":false},"excerpt":{"rendered":"<p>Sajnos ennek a bejegyz\u00e9snek csak Polski nyelv\u0171 v\u00e1ltozata van.<\/p>\n","protected":false},"author":1,"featured_media":0,"comment_status":"closed","ping_status":"closed","sticky":false,"template":"","format":"standard","meta":{"footnotes":""},"categories":[3,127],"tags":[125,124,126,11],"class_list":["post-1752","post","type-post","status-publish","format-standard","hentry","category-aktualnosci","category-organy","tag-miechy-organow-w-olkuszu","tag-miechy-wielofaldowe-klinowe","tag-miechy-xvii-w","tag-orawka"],"_links":{"self":[{"href":"https:\/\/orawka-kosciol.pl\/hu\/wp-json\/wp\/v2\/posts\/1752","targetHints":{"allow":["GET"]}}],"collection":[{"href":"https:\/\/orawka-kosciol.pl\/hu\/wp-json\/wp\/v2\/posts"}],"about":[{"href":"https:\/\/orawka-kosciol.pl\/hu\/wp-json\/wp\/v2\/types\/post"}],"author":[{"embeddable":true,"href":"https:\/\/orawka-kosciol.pl\/hu\/wp-json\/wp\/v2\/users\/1"}],"replies":[{"embeddable":true,"href":"https:\/\/orawka-kosciol.pl\/hu\/wp-json\/wp\/v2\/comments?post=1752"}],"version-history":[{"count":1,"href":"https:\/\/orawka-kosciol.pl\/hu\/wp-json\/wp\/v2\/posts\/1752\/revisions"}],"predecessor-version":[{"id":3526,"href":"https:\/\/orawka-kosciol.pl\/hu\/wp-json\/wp\/v2\/posts\/1752\/revisions\/3526"}],"wp:attachment":[{"href":"https:\/\/orawka-kosciol.pl\/hu\/wp-json\/wp\/v2\/media?parent=1752"}],"wp:term":[{"taxonomy":"category","embeddable":true,"href":"https:\/\/orawka-kosciol.pl\/hu\/wp-json\/wp\/v2\/categories?post=1752"},{"taxonomy":"post_tag","embeddable":true,"href":"https:\/\/orawka-kosciol.pl\/hu\/wp-json\/wp\/v2\/tags?post=1752"}],"curies":[{"name":"wp","href":"https:\/\/api.w.org\/{rel}","templated":true}]}}