{"id":2601,"date":"2020-12-30T15:52:39","date_gmt":"2020-12-30T14:52:39","guid":{"rendered":"http:\/\/orawka-kosciol.pl\/?p=2601"},"modified":"2024-04-15T14:44:42","modified_gmt":"2024-04-15T12:44:42","slug":"ks-kanonik-mateusz-varzely","status":"publish","type":"post","link":"https:\/\/orawka-kosciol.pl\/hu\/2020\/12\/ks-kanonik-mateusz-varzely\/","title":{"rendered":"(Polski) ks. kanonik Mateusz Varzely"},"content":{"rendered":"<p class=\"qtranxs-available-languages-message qtranxs-available-languages-message-hu\">Sajnos ennek a bejegyz\u00e9snek csak <a href=\"https:\/\/orawka-kosciol.pl\/pl\/wp-json\/wp\/v2\/posts\/2601\" class=\"qtranxs-available-language-link qtranxs-available-language-link-pl\" title=\"Polski\">Polski<\/a> nyelv\u0171 v\u00e1ltozata van.<\/p>","protected":false},"excerpt":{"rendered":"<p>Sajnos ennek a bejegyz\u00e9snek csak Polski nyelv\u0171 v\u00e1ltozata van.<\/p>\n","protected":false},"author":1,"featured_media":0,"comment_status":"closed","ping_status":"closed","sticky":false,"template":"","format":"standard","meta":{"footnotes":""},"categories":[4,68],"tags":[],"class_list":["post-2601","post","type-post","status-publish","format-standard","hentry","category-opisy","category-wokol-kosciola"],"_links":{"self":[{"href":"https:\/\/orawka-kosciol.pl\/hu\/wp-json\/wp\/v2\/posts\/2601","targetHints":{"allow":["GET"]}}],"collection":[{"href":"https:\/\/orawka-kosciol.pl\/hu\/wp-json\/wp\/v2\/posts"}],"about":[{"href":"https:\/\/orawka-kosciol.pl\/hu\/wp-json\/wp\/v2\/types\/post"}],"author":[{"embeddable":true,"href":"https:\/\/orawka-kosciol.pl\/hu\/wp-json\/wp\/v2\/users\/1"}],"replies":[{"embeddable":true,"href":"https:\/\/orawka-kosciol.pl\/hu\/wp-json\/wp\/v2\/comments?post=2601"}],"version-history":[{"count":0,"href":"https:\/\/orawka-kosciol.pl\/hu\/wp-json\/wp\/v2\/posts\/2601\/revisions"}],"wp:attachment":[{"href":"https:\/\/orawka-kosciol.pl\/hu\/wp-json\/wp\/v2\/media?parent=2601"}],"wp:term":[{"taxonomy":"category","embeddable":true,"href":"https:\/\/orawka-kosciol.pl\/hu\/wp-json\/wp\/v2\/categories?post=2601"},{"taxonomy":"post_tag","embeddable":true,"href":"https:\/\/orawka-kosciol.pl\/hu\/wp-json\/wp\/v2\/tags?post=2601"}],"curies":[{"name":"wp","href":"https:\/\/api.w.org\/{rel}","templated":true}]}}