{"id":3475,"date":"2025-03-29T14:49:53","date_gmt":"2025-03-29T13:49:53","guid":{"rendered":"http:\/\/orawka-kosciol.pl\/?p=3475"},"modified":"2025-03-29T14:50:36","modified_gmt":"2025-03-29T13:50:36","slug":"program-slowno-muzyczny-o-tematyce-pasyjnej","status":"publish","type":"post","link":"https:\/\/orawka-kosciol.pl\/hu\/2025\/03\/program-slowno-muzyczny-o-tematyce-pasyjnej\/","title":{"rendered":"(Polski) Program s\u0142owno-muzyczny o tematyce pasyjnej"},"content":{"rendered":"<p class=\"qtranxs-available-languages-message qtranxs-available-languages-message-hu\">Sajnos ennek a bejegyz\u00e9snek csak <a href=\"https:\/\/orawka-kosciol.pl\/pl\/wp-json\/wp\/v2\/posts\/3475\" class=\"qtranxs-available-language-link qtranxs-available-language-link-pl\" title=\"Polski\">Polski<\/a> nyelv\u0171 v\u00e1ltozata van.<\/p>","protected":false},"excerpt":{"rendered":"<p>Sajnos ennek a bejegyz\u00e9snek csak Polski nyelv\u0171 v\u00e1ltozata van.<\/p>\n","protected":false},"author":1,"featured_media":3476,"comment_status":"closed","ping_status":"closed","sticky":false,"template":"","format":"standard","meta":{"footnotes":""},"categories":[1],"tags":[],"class_list":["post-3475","post","type-post","status-publish","format-standard","has-post-thumbnail","hentry","category-bez-kategorii"],"_links":{"self":[{"href":"https:\/\/orawka-kosciol.pl\/hu\/wp-json\/wp\/v2\/posts\/3475","targetHints":{"allow":["GET"]}}],"collection":[{"href":"https:\/\/orawka-kosciol.pl\/hu\/wp-json\/wp\/v2\/posts"}],"about":[{"href":"https:\/\/orawka-kosciol.pl\/hu\/wp-json\/wp\/v2\/types\/post"}],"author":[{"embeddable":true,"href":"https:\/\/orawka-kosciol.pl\/hu\/wp-json\/wp\/v2\/users\/1"}],"replies":[{"embeddable":true,"href":"https:\/\/orawka-kosciol.pl\/hu\/wp-json\/wp\/v2\/comments?post=3475"}],"version-history":[{"count":0,"href":"https:\/\/orawka-kosciol.pl\/hu\/wp-json\/wp\/v2\/posts\/3475\/revisions"}],"wp:featuredmedia":[{"embeddable":true,"href":"https:\/\/orawka-kosciol.pl\/hu\/wp-json\/wp\/v2\/media\/3476"}],"wp:attachment":[{"href":"https:\/\/orawka-kosciol.pl\/hu\/wp-json\/wp\/v2\/media?parent=3475"}],"wp:term":[{"taxonomy":"category","embeddable":true,"href":"https:\/\/orawka-kosciol.pl\/hu\/wp-json\/wp\/v2\/categories?post=3475"},{"taxonomy":"post_tag","embeddable":true,"href":"https:\/\/orawka-kosciol.pl\/hu\/wp-json\/wp\/v2\/tags?post=3475"}],"curies":[{"name":"wp","href":"https:\/\/api.w.org\/{rel}","templated":true}]}}