{"id":3637,"date":"2026-03-19T15:42:12","date_gmt":"2026-03-19T14:42:12","guid":{"rendered":"https:\/\/orawka-kosciol.pl\/?p=3637"},"modified":"2026-04-01T15:30:17","modified_gmt":"2026-04-01T13:30:17","slug":"znaki-meki-zaslony-wielkopostne-typu-arma-christi","status":"publish","type":"post","link":"https:\/\/orawka-kosciol.pl\/sk\/2026\/03\/znaki-meki-zaslony-wielkopostne-typu-arma-christi\/","title":{"rendered":"(Polski) Znaki M\u0119ki. Zas\u0142ony wielkopostne typu arma Christi"},"content":{"rendered":"<p class=\"qtranxs-available-languages-message qtranxs-available-languages-message-sk\">Ospravedl\u0148ujeme sa, ale t\u00e1to polo\u017eka je k dispoz\u00edcii len v <a href=\"https:\/\/orawka-kosciol.pl\/pl\/wp-json\/wp\/v2\/posts\/3637\" class=\"qtranxs-available-language-link qtranxs-available-language-link-pl\" title=\"Polski\">Polski<\/a>.<\/p>","protected":false},"excerpt":{"rendered":"<p>Ospravedl\u0148ujeme sa, ale t\u00e1to polo\u017eka je k dispoz\u00edcii len v Polski.<\/p>\n","protected":false},"author":1,"featured_media":3638,"comment_status":"closed","ping_status":"closed","sticky":false,"template":"","format":"standard","meta":{"footnotes":""},"categories":[3,5],"tags":[],"class_list":["post-3637","post","type-post","status-publish","format-standard","has-post-thumbnail","hentry","category-aktualnosci","category-wydarzenia"],"_links":{"self":[{"href":"https:\/\/orawka-kosciol.pl\/sk\/wp-json\/wp\/v2\/posts\/3637","targetHints":{"allow":["GET"]}}],"collection":[{"href":"https:\/\/orawka-kosciol.pl\/sk\/wp-json\/wp\/v2\/posts"}],"about":[{"href":"https:\/\/orawka-kosciol.pl\/sk\/wp-json\/wp\/v2\/types\/post"}],"author":[{"embeddable":true,"href":"https:\/\/orawka-kosciol.pl\/sk\/wp-json\/wp\/v2\/users\/1"}],"replies":[{"embeddable":true,"href":"https:\/\/orawka-kosciol.pl\/sk\/wp-json\/wp\/v2\/comments?post=3637"}],"version-history":[{"count":0,"href":"https:\/\/orawka-kosciol.pl\/sk\/wp-json\/wp\/v2\/posts\/3637\/revisions"}],"wp:featuredmedia":[{"embeddable":true,"href":"https:\/\/orawka-kosciol.pl\/sk\/wp-json\/wp\/v2\/media\/3638"}],"wp:attachment":[{"href":"https:\/\/orawka-kosciol.pl\/sk\/wp-json\/wp\/v2\/media?parent=3637"}],"wp:term":[{"taxonomy":"category","embeddable":true,"href":"https:\/\/orawka-kosciol.pl\/sk\/wp-json\/wp\/v2\/categories?post=3637"},{"taxonomy":"post_tag","embeddable":true,"href":"https:\/\/orawka-kosciol.pl\/sk\/wp-json\/wp\/v2\/tags?post=3637"}],"curies":[{"name":"wp","href":"https:\/\/api.w.org\/{rel}","templated":true}]}}