{"id":945,"date":"2015-01-25T17:07:26","date_gmt":"2015-01-25T16:07:26","guid":{"rendered":"http:\/\/orawka-kosciol.pl\/?p=945"},"modified":"2019-01-10T07:53:40","modified_gmt":"2019-01-10T06:53:40","slug":"danuta-ucnikova","status":"publish","type":"post","link":"https:\/\/orawka-kosciol.pl\/sk\/2015\/01\/danuta-ucnikova\/","title":{"rendered":"Mgr. DANUTA U\u010cN\u00cdKOV\u00c1"},"content":{"rendered":"<p>D\u0148a 9. decembra 2014 zomrela v\u00a0Bratislave vo veku 83 rokov <strong>Mgr. DANUTA U\u010cN\u00cdKOV\u00c1<\/strong><\/p>\n<p><em><a href=\"http:\/\/orawka-kosciol.pl\/wp-content\/uploads\/2015\/01\/p8190065.jpg\"><img loading=\"lazy\" decoding=\"async\" class=\"alignleft size-medium wp-image-946\" src=\"http:\/\/orawka-kosciol.pl\/wp-content\/uploads\/2015\/01\/p8190065-276x300.jpg\" alt=\"OLYMPUS DIGITAL CAMERA\" width=\"276\" height=\"300\" srcset=\"https:\/\/orawka-kosciol.pl\/wp-content\/uploads\/2015\/01\/p8190065-276x300.jpg 276w, https:\/\/orawka-kosciol.pl\/wp-content\/uploads\/2015\/01\/p8190065-943x1024.jpg 943w, https:\/\/orawka-kosciol.pl\/wp-content\/uploads\/2015\/01\/p8190065-624x678.jpg 624w\" sizes=\"auto, (max-width: 276px) 100vw, 276px\" \/><\/a><\/em><\/p>\n<p>Zosnul\u00e1 poch\u00e1dzala z\u00a0Oravky. V\u00a0rokoch 1952 -1957 \u0161tudovala na Jagiellonskej univerzite v\u00a0Krakove, kde absolvovala odbor hist\u00f3riu umenia. Nesk\u00f4r ju srdce priviedlo v roku 1958 na Slovensko. Jej man\u017eel Ladislav poch\u00e1dzal v\u00a0Kys\u00fac a\u00a0bol v\u00fdznamn\u00fd slovensk\u00fd novin\u00e1r a\u00a0rozhlasov\u00fd redaktor. Danuta U\u010dn\u00edkov\u00e1 za\u010dala pracova\u0165 ako odborn\u00e1 pracovn\u00ed\u010dka na Krajskom stredisku pamiatkovej starostlivosti a\u00a0ochrany pr\u00edrody v\u00a0Bratislave. Podie\u013eala sa na pr\u00edprave s\u00fapisu pamiatok a\u00a0odbornom usmer\u0148ovan\u00ed re\u0161taur\u00e1torsk\u00fdch akci\u00ed v\u00a0Z\u00e1padoslovenskom kraji.<!--more--><\/p>\n<p><a href=\"http:\/\/orawka-kosciol.pl\/wp-content\/uploads\/2015\/01\/historicky.jpg\"><img loading=\"lazy\" decoding=\"async\" class=\"alignleft size-medium wp-image-947\" src=\"http:\/\/orawka-kosciol.pl\/wp-content\/uploads\/2015\/01\/historicky-207x300.jpg\" alt=\"historicky\" width=\"207\" height=\"300\" srcset=\"https:\/\/orawka-kosciol.pl\/wp-content\/uploads\/2015\/01\/historicky-207x300.jpg 207w, https:\/\/orawka-kosciol.pl\/wp-content\/uploads\/2015\/01\/historicky-624x902.jpg 624w, https:\/\/orawka-kosciol.pl\/wp-content\/uploads\/2015\/01\/historicky.jpg 670w\" sizes=\"auto, (max-width: 207px) 100vw, 207px\" \/><\/a>Najv\u00e4\u010d\u0161ia \u010das\u0165 jej profesion\u00e1lneho p\u00f4sobenia je v\u0161ak spojen\u00e1 so Slovensk\u00fdm n\u00e1rodn\u00fdm m\u00fazeom, kde nast\u00fapila ako odborn\u00fd pracovn\u00edk \u2013 histori\u010dka umenia do\u00a0oddelenia dej\u00edn umenia a\u00a0kult\u00fary (1966) v\u00a0Historickom odbore. Do d\u00f4chodku odch\u00e1dzala v roku 1995 ako kust\u00f3d oddelenia dej\u00edn umenia Historick\u00e9ho m\u00fazea SNM. Cel\u00fd pracovn\u00fd \u017eivot zasv\u00e4tila budovaniu zbierky v\u00fdtvarn\u00e9ho umenia v\u00a0SNM, ktor\u00fa obohatila o\u00a0takmer tri tis\u00edcky nov\u00fdch umeleck\u00fdch diel z\u00a0oblasti ma\u013eby, kresby, sochy a grafiky. S\u00fa\u010das\u0165ou m\u00fazejnej pr\u00e1ce menovanej bola aj akviz\u00edcia v\u00a0oblasti sakr\u00e1lnej soch\u00e1rskej tvorby na Slovensku. Zbierky Historick\u00e9ho m\u00fazea SNM roz\u0161\u00edrila aj o kolekciu umeleckej grafiky s\u00a0t\u00e9mami bratislavsk\u00fdch korunov\u00e1cii, poh\u013eadov na Bratislavsk\u00fd hrad, portr\u00e9tov v\u00fdznamn\u00fdch osobnost\u00ed spojen\u00fdch s\u00a0dejinami Slovenska, ale aj ved\u00fat a\u00a0poh\u013eadov do interi\u00e9rov v \u010dasovom rozp\u00e4t\u00ed od 16. po 20. storo\u010die.<\/p>\n<p><a href=\"http:\/\/orawka-kosciol.pl\/wp-content\/uploads\/2015\/01\/brn001ba9deb5d6_001971.jpg\"><img loading=\"lazy\" decoding=\"async\" class=\"alignleft size-medium wp-image-948\" src=\"http:\/\/orawka-kosciol.pl\/wp-content\/uploads\/2015\/01\/brn001ba9deb5d6_001971-300x211.jpg\" alt=\"BRN001BA9DEB5D6_001971\" width=\"300\" height=\"211\" srcset=\"https:\/\/orawka-kosciol.pl\/wp-content\/uploads\/2015\/01\/brn001ba9deb5d6_001971-300x211.jpg 300w, https:\/\/orawka-kosciol.pl\/wp-content\/uploads\/2015\/01\/brn001ba9deb5d6_001971-1024x719.jpg 1024w, https:\/\/orawka-kosciol.pl\/wp-content\/uploads\/2015\/01\/brn001ba9deb5d6_001971-624x438.jpg 624w\" sizes=\"auto, (max-width: 300px) 100vw, 300px\" \/><\/a>D\u0148a 19. m\u00e1ja 2011 pri pr\u00edle\u017eitosti Medzin\u00e1rodn\u00e9ho d\u0148a m\u00faze\u00ed prevzala z\u00a0r\u00fak ministra kult\u00fary SR Daniela Krajcera cenu Andreja Kme\u0165a za v\u00fdnimo\u010dn\u00fa dlhoro\u010dn\u00fa zbierkotvorn\u00fa a prezenta\u010dn\u00fa \u010dinnos\u0165 v oblasti dej\u00edn slovensk\u00e9ho v\u00fdtvarn\u00e9ho umenia.<\/p>\n<p>Posledn\u00e9 roky svojho \u017eivota venovala starostlivosti o\u00a0svojich najbli\u017e\u0161\u00edch: \u0165a\u017eko chor\u00fa dc\u00e9ru Danutku, otca J\u00e1na a\u00a0vnuka Mateja. Nech odpo\u010d\u00edva v\u00a0pokoji!<\/p>\n<p>&nbsp;<\/p>","protected":false},"excerpt":{"rendered":"<p>Ospravedl\u0148ujeme sa, ale t\u00e1to polo\u017eka je k dispoz\u00edcii len v Polski.<\/p>\n","protected":false},"author":1,"featured_media":0,"comment_status":"closed","ping_status":"closed","sticky":false,"template":"","format":"standard","meta":{"footnotes":""},"categories":[3,4,68],"tags":[37],"class_list":["post-945","post","type-post","status-publish","format-standard","hentry","category-aktualnosci","category-opisy","category-wokol-kosciola","tag-danuta-ucnikova"],"_links":{"self":[{"href":"https:\/\/orawka-kosciol.pl\/sk\/wp-json\/wp\/v2\/posts\/945","targetHints":{"allow":["GET"]}}],"collection":[{"href":"https:\/\/orawka-kosciol.pl\/sk\/wp-json\/wp\/v2\/posts"}],"about":[{"href":"https:\/\/orawka-kosciol.pl\/sk\/wp-json\/wp\/v2\/types\/post"}],"author":[{"embeddable":true,"href":"https:\/\/orawka-kosciol.pl\/sk\/wp-json\/wp\/v2\/users\/1"}],"replies":[{"embeddable":true,"href":"https:\/\/orawka-kosciol.pl\/sk\/wp-json\/wp\/v2\/comments?post=945"}],"version-history":[{"count":9,"href":"https:\/\/orawka-kosciol.pl\/sk\/wp-json\/wp\/v2\/posts\/945\/revisions"}],"predecessor-version":[{"id":2232,"href":"https:\/\/orawka-kosciol.pl\/sk\/wp-json\/wp\/v2\/posts\/945\/revisions\/2232"}],"wp:attachment":[{"href":"https:\/\/orawka-kosciol.pl\/sk\/wp-json\/wp\/v2\/media?parent=945"}],"wp:term":[{"taxonomy":"category","embeddable":true,"href":"https:\/\/orawka-kosciol.pl\/sk\/wp-json\/wp\/v2\/categories?post=945"},{"taxonomy":"post_tag","embeddable":true,"href":"https:\/\/orawka-kosciol.pl\/sk\/wp-json\/wp\/v2\/tags?post=945"}],"curies":[{"name":"wp","href":"https:\/\/api.w.org\/{rel}","templated":true}]}}